{"id":4162,"date":"2026-02-05T16:13:43","date_gmt":"2026-02-05T21:13:43","guid":{"rendered":"https:\/\/moderatorclub.org\/?p=4162"},"modified":"2026-03-21T15:20:23","modified_gmt":"2026-03-21T19:20:23","slug":"competences-orales-et-confiance","status":"publish","type":"post","link":"https:\/\/moderatorclub.org\/fr\/2026\/competences-orales-et-confiance\/","title":{"rendered":"Pourquoi la plupart des gens ne manquent pas de comp\u00e9tences orales \u2014 mais de confiance"},"content":{"rendered":"\n<div class=\"et_pb_section_0 et_pb_section et_section_regular et_block_section\"><div class=\"et_pb_row_0 et_pb_row et_block_row\"><div class=\"et_pb_column_0 et_pb_column et_pb_column_4_4 et-last-child et_block_column et_pb_css_mix_blend_mode_passthrough\"><div class=\"et_pb_text_0 et_pb_text et_pb_bg_layout_light et_pb_module et_block_module\"><div class=\"et_pb_text_inner\"><p data-start=\"209\" data-end=\"476\">Beaucoup de personnes pensent \u00eatre tout simplement \u00ab mauvaises \u00e0 l\u2019oral \u00bb. Elles supposent que les bons orateurs sont naturellement confiants, \u00e9loquents et expressifs. Pourtant, lorsqu\u2019on y regarde de plus pr\u00e8s, cette croyance ne correspond pas vraiment \u00e0 la r\u00e9alit\u00e9.<\/p>\n<p data-start=\"478\" data-end=\"850\">Dans la vie quotidienne, la plupart des gens expliquent leurs id\u00e9es clairement. Ils discutent de probl\u00e8mes au travail, racontent des histoires \u00e0 leurs amis et n\u00e9gocient avec leurs coll\u00e8gues sans grande difficult\u00e9. Les probl\u00e8mes apparaissent surtout dans certaines situations : parler devant un groupe, pr\u00e9senter des id\u00e9es de mani\u00e8re formelle ou savoir que l\u2019on est \u00e9valu\u00e9.<\/p>\n<p data-start=\"852\" data-end=\"978\">Cela sugg\u00e8re que la prise de parole en public n\u2019est pas avant tout un probl\u00e8me de comp\u00e9tences. C\u2019est un probl\u00e8me de confiance.<\/p>\n<h2 data-start=\"980\" data-end=\"1013\">Le mythe des \u00ab orateurs n\u00e9s \u00bb<\/h2>\n<p data-start=\"1015\" data-end=\"1292\">L\u2019id\u00e9e selon laquelle les bons orateurs seraient \u00ab n\u00e9s ainsi \u00bb est tr\u00e8s r\u00e9pandue. On remarque la performance aboutie, mais pas les ann\u00e9es de pratique qui la rendent possible. La fluidit\u00e9 est souvent confondue avec le talent, et l\u2019h\u00e9sitation interpr\u00e9t\u00e9e comme de l\u2019incomp\u00e9tence.<\/p>\n<p data-start=\"1294\" data-end=\"1620\">Cette croyance est trompeuse. Les discours efficaces sont g\u00e9n\u00e9ralement tr\u00e8s structur\u00e9s, r\u00e9p\u00e9t\u00e9s et affin\u00e9s avec le temps. Surtout, les comp\u00e9tences d\u2019expression orale et la confiance psychologique ne sont pas la m\u00eame chose. Une personne peut parfaitement ma\u00eetriser son sujet et pourtant avoir du mal \u00e0 s\u2019exprimer sous pression.<\/p>\n<p data-start=\"1622\" data-end=\"1745\">Le talent seul ne suffit pas \u00e0 expliquer pourquoi quelqu\u2019un parle avec aisance dans un contexte et se bloque dans un autre.<\/p>\n<h2 data-start=\"1747\" data-end=\"1817\">La plupart des gens poss\u00e8dent d\u00e9j\u00e0 les bases de l\u2019expression orale<\/h2>\n<p data-start=\"1819\" data-end=\"2107\">Les preuves sont faciles \u00e0 observer. Dans la vie de tous les jours, les gens donnent des instructions, d\u00e9fendent leurs opinions et r\u00e9pondent \u00e0 des questions impr\u00e9vues. Ils n\u2019oublient pas soudainement leur vocabulaire ou leur logique lorsqu\u2019ils parlent \u00e0 une personne ou \u00e0 un petit groupe.<\/p>\n<p data-start=\"2109\" data-end=\"2426\">Ce qui change sur sc\u00e8ne, ce n\u2019est pas la capacit\u00e9 du locuteur, mais son attention. Elle se d\u00e9tourne du message pour se concentrer sur l\u2019auto-\u00e9valuation : <em data-start=\"2263\" data-end=\"2355\">\u00c0 quoi est-ce que je ressemble ? Est-ce que je fais des erreurs ? Que pensent les autres ?<\/em> Cette hyper-conscience de soi perturbe les sch\u00e9mas naturels de parole.<\/p>\n<p data-start=\"2428\" data-end=\"2512\">Autrement dit, les comp\u00e9tences sont l\u00e0. C\u2019est leur acc\u00e8s qui devient plus difficile.<\/p>\n<h2 data-start=\"2514\" data-end=\"2560\">Ce qui se d\u00e9r\u00e8gle r\u00e9ellement sous pression<\/h2>\n<p data-start=\"2562\" data-end=\"2897\">Sous pression, le probl\u00e8me principal n\u2019est pas le manque de connaissances, mais la peur du jugement. Lorsqu\u2019une personne se sent \u00e9valu\u00e9e, le cerveau privil\u00e9gie l\u2019\u00e9vitement du risque plut\u00f4t que l\u2019expression claire. Les petites imperfections semblent amplifi\u00e9es, et les erreurs paraissent bien plus graves qu\u2019elles ne le sont r\u00e9ellement.<\/p>\n<p data-start=\"2899\" data-end=\"3140\">Cela cr\u00e9e un cercle vicieux. La nervosit\u00e9 affecte la prestation, une prestation affaiblie renforce le doute, et le doute intensifie la nervosit\u00e9. Avec le temps, ce m\u00e9canisme alimente la croyance selon laquelle on serait \u00ab mauvais \u00e0 l\u2019oral \u00bb.<\/p>\n<p data-start=\"3142\" data-end=\"3219\">Dans ce sens, la confiance n\u2019est pas un trait de personnalit\u00e9. C\u2019est un \u00e9tat.<\/p>\n<h2 data-start=\"3221\" data-end=\"3268\">Pourquoi la pr\u00e9paration seule ne suffit pas<\/h2>\n<p data-start=\"3270\" data-end=\"3503\">Face \u00e0 l\u2019anxi\u00e9t\u00e9, beaucoup de personnes r\u00e9agissent en se pr\u00e9parant davantage. Si la pr\u00e9paration est n\u00e9cessaire, elle est souvent insuffisante. Elle am\u00e9liore le contenu, mais n\u2019entra\u00eene pas l\u2019esprit \u00e0 agir dans des conditions r\u00e9elles.<\/p>\n<p data-start=\"3505\" data-end=\"3848\">La confiance se construit par l\u2019exposition. Le fait de parler r\u00e9guli\u00e8rement devant d\u2019autres personnes, surtout dans des environnements \u00e0 faible enjeu, r\u00e9duit progressivement la peur. Ce qui compte le plus n\u2019est pas la perfection, mais la familiarit\u00e9 : comprendre que les erreurs sont supportables et que la communication continue malgr\u00e9 elles.<\/p>\n<p data-start=\"3850\" data-end=\"3991\">Les retours structur\u00e9s jouent \u00e9galement un r\u00f4le essentiel. Ils aident les orateurs \u00e0 distinguer les probl\u00e8mes r\u00e9els de ceux qu\u2019ils imaginent.<\/p>\n<h2 data-start=\"3993\" data-end=\"4027\">Repenser le v\u00e9ritable probl\u00e8me<\/h2>\n<p data-start=\"4029\" data-end=\"4140\">La plupart des gens ne manquent pas de comp\u00e9tences orales. Ils manquent d\u2019occasions de s\u2019exprimer sans crainte.<\/p>\n<p data-start=\"4142\" data-end=\"4353\">Une fois le probl\u00e8me reformul\u00e9 ainsi, la solution devient plus \u00e9vidente. S\u2019am\u00e9liorer \u00e0 l\u2019oral rel\u00e8ve moins de l\u2019acquisition d\u2019un talent que de la cr\u00e9ation de conditions propices au d\u00e9veloppement de la confiance.<\/p>\n<p data-start=\"4355\" data-end=\"4491\">La vraie question n\u2019est donc pas : <em data-start=\"4390\" data-end=\"4418\">\u00ab Suis-je bon \u00e0 l\u2019oral ? \u00bb<\/em><br data-start=\"4418\" data-end=\"4421\" \/>Mais plut\u00f4t : <em data-start=\"4435\" data-end=\"4491\">\u00ab Ai-je pratiqu\u00e9 l\u2019expression orale avec confiance ? \u00bb<\/em><\/p>\n<\/div><\/div><\/div><\/div><\/div>\n","protected":false},"excerpt":{"rendered":"","protected":false},"author":5,"featured_media":0,"comment_status":"open","ping_status":"open","sticky":false,"template":"","format":"standard","meta":{"footnotes":""},"categories":[21],"tags":[],"class_list":["post-4162","post","type-post","status-publish","format-standard","hentry","category-prise-de-parole"],"_links":{"self":[{"href":"https:\/\/moderatorclub.org\/fr\/wp-json\/wp\/v2\/posts\/4162","targetHints":{"allow":["GET"]}}],"collection":[{"href":"https:\/\/moderatorclub.org\/fr\/wp-json\/wp\/v2\/posts"}],"about":[{"href":"https:\/\/moderatorclub.org\/fr\/wp-json\/wp\/v2\/types\/post"}],"author":[{"embeddable":true,"href":"https:\/\/moderatorclub.org\/fr\/wp-json\/wp\/v2\/users\/5"}],"replies":[{"embeddable":true,"href":"https:\/\/moderatorclub.org\/fr\/wp-json\/wp\/v2\/comments?post=4162"}],"version-history":[{"count":5,"href":"https:\/\/moderatorclub.org\/fr\/wp-json\/wp\/v2\/posts\/4162\/revisions"}],"predecessor-version":[{"id":4531,"href":"https:\/\/moderatorclub.org\/fr\/wp-json\/wp\/v2\/posts\/4162\/revisions\/4531"}],"wp:attachment":[{"href":"https:\/\/moderatorclub.org\/fr\/wp-json\/wp\/v2\/media?parent=4162"}],"wp:term":[{"taxonomy":"category","embeddable":true,"href":"https:\/\/moderatorclub.org\/fr\/wp-json\/wp\/v2\/categories?post=4162"},{"taxonomy":"post_tag","embeddable":true,"href":"https:\/\/moderatorclub.org\/fr\/wp-json\/wp\/v2\/tags?post=4162"}],"curies":[{"name":"wp","href":"https:\/\/api.w.org\/{rel}","templated":true}]}}